{"id":185,"date":"2016-09-22T13:19:31","date_gmt":"2016-09-22T13:19:31","guid":{"rendered":"http:\/\/die-besten-deutschen-comics.de\/?p=185"},"modified":"2018-05-23T20:23:54","modified_gmt":"2018-05-23T20:23:54","slug":"comics-auf-dem-stundenplan","status":"publish","type":"post","link":"http:\/\/die-besten-deutschen-comics.de\/?p=185","title":{"rendered":"Comics auf dem Stundenplan"},"content":{"rendered":"<p>Am vergangenen Mittwoch waren <b>Siebtkl\u00e4ssler der IGS Helpsen<\/b> zu Besuch in der Ausstellung. Derzeit behandeln sie das Thema <b>\u201eComic\u201c im Kunstunterricht<\/b>. Neben einer kurzen Einf\u00fchrung zu den\u00a0ausgestellten K\u00fcnstlern erl\u00e4uterte Kurator Darjush Davar den Sch\u00fclern die\u00a0<b>grundlegenden<\/b>\u00a0<b>Ausdrucksmittel<\/b>\u00a0dieser Erz\u00e4hlform und\u00a0die <b>Verbindung <\/b>zwischen den Bildergeschichten von\u00a0<b>Wilhelm Busch\u00a0<\/b>und der heutigen <b>Comic-Kunst<\/b>.<\/p>\n<div id=\"attachment_187\" style=\"width: 1110px\" class=\"wp-caption alignnone\"><img loading=\"lazy\" decoding=\"async\" aria-describedby=\"caption-attachment-187\" class=\"size-full wp-image-187\" src=\"http:\/\/die-besten-deutschen-comics.de\/wp-content\/uploads\/2016\/09\/image-7.jpeg\" alt=\"Kurator Darjush Davar erl\u00e4utert Sch\u00fclern der IGS Helpsen anhand von Bildbeispielen die wesentlichen Gestaltungsmittel der Comic-Kunst.\" width=\"1100\" height=\"1033\" srcset=\"http:\/\/die-besten-deutschen-comics.de\/wp-content\/uploads\/2016\/09\/image-7.jpeg 1100w, http:\/\/die-besten-deutschen-comics.de\/wp-content\/uploads\/2016\/09\/image-7-300x282.jpeg 300w, http:\/\/die-besten-deutschen-comics.de\/wp-content\/uploads\/2016\/09\/image-7-768x721.jpeg 768w, http:\/\/die-besten-deutschen-comics.de\/wp-content\/uploads\/2016\/09\/image-7-1024x962.jpeg 1024w, http:\/\/die-besten-deutschen-comics.de\/wp-content\/uploads\/2016\/09\/image-7-100x94.jpeg 100w\" sizes=\"(max-width: 1100px) 100vw, 1100px\" \/><p id=\"caption-attachment-187\" class=\"wp-caption-text\">Kurator Darjush Davar erl\u00e4utert Sch\u00fclern der IGS Helpsen anhand von Bildbeispielen die wesentlichen Gestaltungsmittel der Comic-Kunst.<\/p><\/div>\n<p>Die jungen G\u00e4ste haben\u00a0sich zudem <b>eigenst\u00e4ndig <\/b>die Originalzeichnungen angesehen und machten\u00a0reichlich vom <b>Leseangebot <\/b>im <b>Comic-Markt Wiedensahl <\/b>gebrauch. Kunstlehrerin <b>Elena Lehmann <\/b>hatte die <b>Sonderf\u00fchrung <\/b>organisiert und\u00a0den Besuch fotografisch festgehalten.<\/p>\n<div id=\"attachment_188\" style=\"width: 1110px\" class=\"wp-caption alignnone\"><img loading=\"lazy\" decoding=\"async\" aria-describedby=\"caption-attachment-188\" class=\"size-full wp-image-188\" src=\"http:\/\/die-besten-deutschen-comics.de\/wp-content\/uploads\/2016\/09\/image-8.jpeg\" alt=\"Die jungen G\u00e4ste der IGS Helpsen nutzen das Leseangebot im Comic-Markt Wiedensahl.\" width=\"1100\" height=\"838\" srcset=\"http:\/\/die-besten-deutschen-comics.de\/wp-content\/uploads\/2016\/09\/image-8.jpeg 1100w, http:\/\/die-besten-deutschen-comics.de\/wp-content\/uploads\/2016\/09\/image-8-300x229.jpeg 300w, http:\/\/die-besten-deutschen-comics.de\/wp-content\/uploads\/2016\/09\/image-8-768x585.jpeg 768w, http:\/\/die-besten-deutschen-comics.de\/wp-content\/uploads\/2016\/09\/image-8-1024x780.jpeg 1024w, http:\/\/die-besten-deutschen-comics.de\/wp-content\/uploads\/2016\/09\/image-8-100x76.jpeg 100w\" sizes=\"(max-width: 1100px) 100vw, 1100px\" \/><p id=\"caption-attachment-188\" class=\"wp-caption-text\">Die jungen G\u00e4ste der IGS Helpsen nutzen das Leseangebot im Comic-Markt Wiedensahl.<\/p><\/div>\n<p>Die Ausstellung ist nat\u00fcrlich auch f\u00fcr weitere <b>interessierte Schulklassen <\/b>auch <b>au\u00dferhalb der regul\u00e4ren \u00d6ffnungszeiten <\/b>zug\u00e4nglich. Hierzu\u00a0reicht eine kurze <a href=\"http:\/\/die-besten-deutschen-comics.de\/?page_id=67\"><b>telefonische Absprache<\/b><\/a>.<\/p>\n","protected":false},"excerpt":{"rendered":"<p>Am vergangenen Mittwoch waren Siebtkl\u00e4ssler der IGS Helpsen zu Besuch in der Ausstellung. Derzeit behandeln sie das Thema \u201eComic\u201c im Kunstunterricht. Neben einer kurzen &#8230; <\/p>\n<div><a href=\"http:\/\/die-besten-deutschen-comics.de\/?p=185\" class=\"more-link\">Read More<\/a><\/div>\n","protected":false},"author":1,"featured_media":186,"comment_status":"closed","ping_status":"closed","sticky":false,"template":"","format":"standard","meta":{"footnotes":""},"categories":[7],"tags":[19,21,20],"_links":{"self":[{"href":"http:\/\/die-besten-deutschen-comics.de\/index.php?rest_route=\/wp\/v2\/posts\/185"}],"collection":[{"href":"http:\/\/die-besten-deutschen-comics.de\/index.php?rest_route=\/wp\/v2\/posts"}],"about":[{"href":"http:\/\/die-besten-deutschen-comics.de\/index.php?rest_route=\/wp\/v2\/types\/post"}],"author":[{"embeddable":true,"href":"http:\/\/die-besten-deutschen-comics.de\/index.php?rest_route=\/wp\/v2\/users\/1"}],"replies":[{"embeddable":true,"href":"http:\/\/die-besten-deutschen-comics.de\/index.php?rest_route=%2Fwp%2Fv2%2Fcomments&post=185"}],"version-history":[{"count":6,"href":"http:\/\/die-besten-deutschen-comics.de\/index.php?rest_route=\/wp\/v2\/posts\/185\/revisions"}],"predecessor-version":[{"id":195,"href":"http:\/\/die-besten-deutschen-comics.de\/index.php?rest_route=\/wp\/v2\/posts\/185\/revisions\/195"}],"wp:featuredmedia":[{"embeddable":true,"href":"http:\/\/die-besten-deutschen-comics.de\/index.php?rest_route=\/wp\/v2\/media\/186"}],"wp:attachment":[{"href":"http:\/\/die-besten-deutschen-comics.de\/index.php?rest_route=%2Fwp%2Fv2%2Fmedia&parent=185"}],"wp:term":[{"taxonomy":"category","embeddable":true,"href":"http:\/\/die-besten-deutschen-comics.de\/index.php?rest_route=%2Fwp%2Fv2%2Fcategories&post=185"},{"taxonomy":"post_tag","embeddable":true,"href":"http:\/\/die-besten-deutschen-comics.de\/index.php?rest_route=%2Fwp%2Fv2%2Ftags&post=185"}],"curies":[{"name":"wp","href":"https:\/\/api.w.org\/{rel}","templated":true}]}}