{"id":151,"date":"2016-09-07T14:15:37","date_gmt":"2016-09-07T14:15:37","guid":{"rendered":"http:\/\/die-besten-deutschen-comics.de\/?p=151"},"modified":"2018-05-23T20:24:13","modified_gmt":"2018-05-23T20:24:13","slug":"ndr1-kulturspiegel-berichtet-ueber-die-ausstellung","status":"publish","type":"post","link":"http:\/\/die-besten-deutschen-comics.de\/?p=151","title":{"rendered":"NDR1 Kulturjournal berichtet \u00fcber die Ausstellung"},"content":{"rendered":"<p>Wilhelm Purk vom <a href=\"https:\/\/www.ndr.de\/fernsehen\/sendungen\/kulturjournal\/\" target=\"_blank\"><strong>NDR1 Kulturjournal<\/strong><\/a> hat einige Wochen in der Sache <strong>recherchiert<\/strong> und u.a. mit dem <strong>Ausstellungsinitiator<\/strong> Darjush Davar, der\u00a0Gesch\u00e4ftf\u00fchrerin der <a href=\"http:\/\/www.karikatur-museum.de\/230_Chronik_der_Wilhelm-Busch-Gesellschaft.html\" target=\"_blank\"><strong>Wilhelm-Busch-Gesellschaft Hannover<\/strong><\/a>, Dr. Gisela Vetter-Liebenow, und weiteren\u00a0Verantwortlichen aus Landkreis und Gemeinde gesprochen um zu ergr\u00fcnden, warum die Ausstellung der deutschsprachigen Max-und-Moritz-Preistr\u00e4ger nicht einem der beiden Busch-H\u00e4user in Wiedensahl ausgestellt konnte.<\/p>\n<p>Zu h\u00f6ren ist der Beitrag (ab ca. 20:50min) als <a href=\"http:\/\/www.ndr.de\/ndr1niedersachsen\/audio295194-player_image-0acfd03c-e7de-483a-8885-eb996a968d5f_theme-ndrde.html#\" target=\"_blank\"><strong>Stream<\/strong> <\/a>und als <a href=\"http:\/\/media.ndr.de\/progressive\/2016\/0907\/AU-20160907-0910-4900.mp3\" target=\"_blank\"><strong>Download<\/strong><\/a>.<br \/>\nEine <strong>Zusammenfassung<\/strong> in Textform findet sich <a href=\"http:\/\/www.ndr.de\/kultur\/kunst\/niedersachsen\/Streit-um-Comic-Ausstellung-in-Wiedensahl,busch156.html\" target=\"_blank\">hier<\/a>.<\/p>\n","protected":false},"excerpt":{"rendered":"<p>Wilhelm Purk vom NDR1 Kulturjournal hat einige Wochen in der Sache recherchiert und u.a. mit dem Ausstellungsinitiator Darjush Davar, der\u00a0Gesch\u00e4ftf\u00fchrerin der Wilhelm-Busch-Gesellschaft Hannover, Dr. &#8230; <\/p>\n<div><a href=\"http:\/\/die-besten-deutschen-comics.de\/?p=151\" class=\"more-link\">Read More<\/a><\/div>\n","protected":false},"author":1,"featured_media":0,"comment_status":"closed","ping_status":"closed","sticky":false,"template":"","format":"standard","meta":{"footnotes":""},"categories":[7,12],"tags":[],"_links":{"self":[{"href":"http:\/\/die-besten-deutschen-comics.de\/index.php?rest_route=\/wp\/v2\/posts\/151"}],"collection":[{"href":"http:\/\/die-besten-deutschen-comics.de\/index.php?rest_route=\/wp\/v2\/posts"}],"about":[{"href":"http:\/\/die-besten-deutschen-comics.de\/index.php?rest_route=\/wp\/v2\/types\/post"}],"author":[{"embeddable":true,"href":"http:\/\/die-besten-deutschen-comics.de\/index.php?rest_route=\/wp\/v2\/users\/1"}],"replies":[{"embeddable":true,"href":"http:\/\/die-besten-deutschen-comics.de\/index.php?rest_route=%2Fwp%2Fv2%2Fcomments&post=151"}],"version-history":[{"count":8,"href":"http:\/\/die-besten-deutschen-comics.de\/index.php?rest_route=\/wp\/v2\/posts\/151\/revisions"}],"predecessor-version":[{"id":174,"href":"http:\/\/die-besten-deutschen-comics.de\/index.php?rest_route=\/wp\/v2\/posts\/151\/revisions\/174"}],"wp:attachment":[{"href":"http:\/\/die-besten-deutschen-comics.de\/index.php?rest_route=%2Fwp%2Fv2%2Fmedia&parent=151"}],"wp:term":[{"taxonomy":"category","embeddable":true,"href":"http:\/\/die-besten-deutschen-comics.de\/index.php?rest_route=%2Fwp%2Fv2%2Fcategories&post=151"},{"taxonomy":"post_tag","embeddable":true,"href":"http:\/\/die-besten-deutschen-comics.de\/index.php?rest_route=%2Fwp%2Fv2%2Ftags&post=151"}],"curies":[{"name":"wp","href":"https:\/\/api.w.org\/{rel}","templated":true}]}}